{"id":967,"date":"2024-03-27T14:37:41","date_gmt":"2024-03-27T17:37:41","guid":{"rendered":"https:\/\/www.globalcrossings.com.br\/?p=967"},"modified":"2024-03-27T14:37:41","modified_gmt":"2024-03-27T17:37:41","slug":"ii-mostra-do-projeto-global-crossings","status":"publish","type":"post","link":"https:\/\/www.globalcrossings.com.br\/en\/2024\/03\/27\/ii-mostra-do-projeto-global-crossings\/","title":{"rendered":"II MOSTRA DO PROJETO GLOBAL CROSSINGS"},"content":{"rendered":"<p>Divulgamos, com alegria, a Programa\u00e7\u00e3o da II MOSTRA do GLOBAL CROSSINGS.<\/p>\n\n\n\n<p>A segunda edi\u00e7\u00e3o da MOSTRA est\u00e1 repleta de novidades: palestras, apresenta\u00e7\u00e3o de resumos, apresenta\u00e7\u00e3o de pesquisa.<\/p>\n\n\n\n<p>A mesa de abertura do evento, que ser\u00e1 conduzida pela Profa. Claudia, contar\u00e1 com a presen\u00e7a do Pr\u00f3-Reitor de Extens\u00e3o\/UFU, o Prof. H\u00e9lder Silveira.<\/p>\n\n\n\n<p>As orientandas da Profa. Claudia e pesquisadoras da C\u00e1tedra Jean Monnet apresentar\u00e3o seus trabalhos.&nbsp;<\/p>\n\n\n\n<p>O encerramento ser\u00e1 coroado com a representatividade feminina em projetos de refer\u00eancia da Universidade Federal de Uberl\u00e2ndia: Comit\u00ea Gestor dos ODS; CETE e MAIS HUMANOS e C\u00e1tedra S\u00e9rgio Vieira de Mello\/UFU.<\/p>\n\n\n\n<p>Os trabalhos ser\u00e3o avaliados por uma Comiss\u00e3o de Avaliadores e, uma vez aprovados, ser\u00e3o publicados na Revista do Projeto Global Crossings.&nbsp;<\/p>\n\n\n\n<p>A programa\u00e7\u00e3o completa pode ser conferida em: <\/p>\n\n\n\n<p>Divulgamos, com alegria, a Programa\u00e7\u00e3o da II MOSTRA do GLOBAL CROSSINGS.<\/p>\n\n\n\n<p>A segunda edi\u00e7\u00e3o da MOSTRA est\u00e1 repleta de novidades: palestras, apresenta\u00e7\u00e3o de resumos, apresenta\u00e7\u00e3o de pesquisa.<\/p>\n\n\n\n<p>A mesa de abertura do evento, que ser\u00e1 conduzida pela Profa. Claudia, contar\u00e1 com a presen\u00e7a do Pr\u00f3-Reitor de Extens\u00e3o\/UFU, o Prof. H\u00e9lder Silveira.<\/p>\n\n\n\n<p>As orientandas da Profa. Claudia e pesquisadoras da C\u00e1tedra Jean Monnet apresentar\u00e3o seus trabalhos.&nbsp;<\/p>\n\n\n\n<p>O encerramento ser\u00e1 coroado com a representatividade feminina em projetos de refer\u00eancia da Universidade Federal de Uberl\u00e2ndia: Comit\u00ea Gestor dos ODS; CETE e MAIS HUMANOS e C\u00e1tedra S\u00e9rgio Vieira de Mello\/UFU.<\/p>\n\n\n\n<p>Os trabalhos ser\u00e3o avaliados por uma Comiss\u00e3o de Avaliadores e, uma vez aprovados, ser\u00e3o publicados na Revista do Projeto Global Crossings.&nbsp;<\/p>\n\n\n\n<p>A programa\u00e7\u00e3o completa pode ser conferida em: https:\/\/drive.google.com\/file\/d\/1BnkFzDenXH7gLeLblqDdeANN_f_2ZLZk\/view<\/p>\n\n\n\n<p>As inscri\u00e7\u00f5es como ouvintes podem ser feitas pelo link:<\/p>\n\n\n\n<p><a href=\"https:\/\/docs.google.com\/forms\/d\/e\/1FAIpQLSfA9iXmZ2BHhIrfGBaFxuXFSFVIpj40A79OhhGPtx1yr8KBFQ\/viewform\">https:\/\/docs.google.com\/forms\/d\/e\/1FAIpQLSfA9iXmZ2BHhIrfGBaFxuXFSFVIpj40A79OhhGPtx1yr8KBFQ\/viewform<\/a><\/p>\n\n\n\n<figure class=\"wp-block-image\"><img fetchpriority=\"high\" decoding=\"async\" width=\"1128\" height=\"1112\" src=\"https:\/\/www.globalcrossings.com.br\/wp-content\/uploads\/2024\/03\/IMG_3131.png\" alt=\"\" class=\"wp-image-970\" srcset=\"https:\/\/www.globalcrossings.com.br\/wp-content\/uploads\/2024\/03\/IMG_3131.png 1128w, https:\/\/www.globalcrossings.com.br\/wp-content\/uploads\/2024\/03\/IMG_3131-300x296.png 300w, https:\/\/www.globalcrossings.com.br\/wp-content\/uploads\/2024\/03\/IMG_3131-1024x1009.png 1024w, https:\/\/www.globalcrossings.com.br\/wp-content\/uploads\/2024\/03\/IMG_3131-768x757.png 768w, https:\/\/www.globalcrossings.com.br\/wp-content\/uploads\/2024\/03\/IMG_3131-12x12.png 12w\" sizes=\"(max-width: 1128px) 100vw, 1128px\" \/><\/figure>","protected":false},"excerpt":{"rendered":"<p>Divulgamos, com alegria, a Programa\u00e7\u00e3o da II MOSTRA do GLOBAL CROSSINGS. A segunda edi\u00e7\u00e3o da MOSTRA est\u00e1 repleta de novidades: palestras, apresenta\u00e7\u00e3o de resumos, apresenta\u00e7\u00e3o de pesquisa. A mesa de abertura do evento, que ser\u00e1 conduzida pela Profa. Claudia, contar\u00e1 com a presen\u00e7a do Pr\u00f3-Reitor de Extens\u00e3o\/UFU, o Prof. H\u00e9lder Silveira. As orientandas da Profa. [&hellip;]<\/p>\n","protected":false},"author":1,"featured_media":0,"comment_status":"open","ping_status":"open","sticky":false,"template":"","format":"standard","meta":{"footnotes":""},"categories":[7],"tags":[],"class_list":["post-967","post","type-post","status-publish","format-standard","hentry","category-eventos"],"_links":{"self":[{"href":"https:\/\/www.globalcrossings.com.br\/en\/wp-json\/wp\/v2\/posts\/967","targetHints":{"allow":["GET"]}}],"collection":[{"href":"https:\/\/www.globalcrossings.com.br\/en\/wp-json\/wp\/v2\/posts"}],"about":[{"href":"https:\/\/www.globalcrossings.com.br\/en\/wp-json\/wp\/v2\/types\/post"}],"author":[{"embeddable":true,"href":"https:\/\/www.globalcrossings.com.br\/en\/wp-json\/wp\/v2\/users\/1"}],"replies":[{"embeddable":true,"href":"https:\/\/www.globalcrossings.com.br\/en\/wp-json\/wp\/v2\/comments?post=967"}],"version-history":[{"count":1,"href":"https:\/\/www.globalcrossings.com.br\/en\/wp-json\/wp\/v2\/posts\/967\/revisions"}],"predecessor-version":[{"id":971,"href":"https:\/\/www.globalcrossings.com.br\/en\/wp-json\/wp\/v2\/posts\/967\/revisions\/971"}],"wp:attachment":[{"href":"https:\/\/www.globalcrossings.com.br\/en\/wp-json\/wp\/v2\/media?parent=967"}],"wp:term":[{"taxonomy":"category","embeddable":true,"href":"https:\/\/www.globalcrossings.com.br\/en\/wp-json\/wp\/v2\/categories?post=967"},{"taxonomy":"post_tag","embeddable":true,"href":"https:\/\/www.globalcrossings.com.br\/en\/wp-json\/wp\/v2\/tags?post=967"}],"curies":[{"name":"wp","href":"https:\/\/api.w.org\/{rel}","templated":true}]}}